{"id":1268,"global_id":"www.kullakapell.nu?id=1268","global_id_lineage":["www.kullakapell.nu?id=1268"],"author":"2","status":"publish","date":"2019-01-23 09:11:00","date_utc":"2019-01-23 09:11:00","modified":"2019-01-23 09:11:00","modified_utc":"2019-01-23 09:11:00","url":"https:\/\/www.kullakapell.nu\/?tribe_events=staddag-lordag-27-april-kl-09-00","rest_url":"https:\/\/www.kullakapell.nu\/index.php?rest_route=\/tribe\/events\/v1\/events\/1268","title":"St\u00e4ddag L\u00f6rdag 27 april kl. 09.00","description":"<p>Vi v\u00e5rst\u00e4dar hela kapellet och omgivningen.<\/p>\n<p>Tag med redskap och eget fika.<\/p>\n<p>&nbsp;<\/p>","excerpt":"","slug":"staddag-lordag-27-april-kl-09-00","image":false,"all_day":false,"start_date":"2019-04-27 09:00:00","start_date_details":{"year":"2019","month":"04","day":"27","hour":"09","minutes":"00","seconds":"00"},"end_date":"2019-04-27 09:00:00","end_date_details":{"year":"2019","month":"04","day":"27","hour":"09","minutes":"00","seconds":"00"},"utc_start_date":"2019-04-27 09:00:00","utc_start_date_details":{"year":"2019","month":"04","day":"27","hour":"09","minutes":"00","seconds":"00"},"utc_end_date":"2019-01-23 12:00:00","utc_end_date_details":{"year":"2019","month":"01","day":"23","hour":"12","minutes":"00","seconds":"00"},"timezone":"UTC+0","timezone_abbr":"","cost":"","cost_details":{"currency_symbol":"","currency_position":"suffix","values":[]},"website":"","show_map":false,"show_map_link":false,"hide_from_listings":false,"sticky":false,"featured":false,"categories":[],"tags":[],"venue":[],"organizer":[],"json_ld":{"@context":"http:\/\/schema.org","@type":"Event","name":"St\u00e4ddag L\u00f6rdag 27 april kl. 09.00","description":"&lt;p&gt;Vi v\u00e5rst\u00e4dar hela kapellet och omgivningen. Tag med redskap och eget fika. &nbsp;&lt;\/p&gt;\\n","url":"https:\/\/www.kullakapell.nu\/?tribe_events=staddag-lordag-27-april-kl-09-00","startDate":"2019-04-27T09:00:00+00:00","endDate":"2019-04-27T09:00:00+00:00","performer":"Organization"}}