{"id":1519,"global_id":"www.kullakapell.nu?id=1519","global_id_lineage":["www.kullakapell.nu?id=1519"],"author":"2","status":"publish","date":"2020-01-31 12:43:07","date_utc":"2020-01-31 12:43:07","modified":"2020-06-02 20:25:50","modified_utc":"2020-06-02 20:25:50","url":"https:\/\/www.kullakapell.nu\/?tribe_events=vagkyrka-lordag-27-juni-kl-11-00-15-00","rest_url":"https:\/\/www.kullakapell.nu\/index.php?rest_route=\/tribe\/events\/v1\/events\/1519","title":"Inst\u00e4llt V\u00e4gkyrka L\u00f6rdag 27 juni kl. 11.00-15.00","description":"","excerpt":"","slug":"vagkyrka-lordag-27-juni-kl-11-00-15-00","image":false,"all_day":false,"start_date":"2020-06-27 11:00:00","start_date_details":{"year":"2020","month":"06","day":"27","hour":"11","minutes":"00","seconds":"00"},"end_date":"2020-06-27 16:00:00","end_date_details":{"year":"2020","month":"06","day":"27","hour":"16","minutes":"00","seconds":"00"},"utc_start_date":"2020-06-27 11:00:00","utc_start_date_details":{"year":"2020","month":"06","day":"27","hour":"11","minutes":"00","seconds":"00"},"utc_end_date":"2020-06-27 16:00:00","utc_end_date_details":{"year":"2020","month":"06","day":"27","hour":"16","minutes":"00","seconds":"00"},"timezone":"UTC+0","timezone_abbr":"UTC+0","cost":"","cost_details":{"currency_symbol":"","currency_position":"suffix","values":[]},"website":"","show_map":false,"show_map_link":false,"hide_from_listings":false,"sticky":false,"featured":false,"categories":[],"tags":[],"venue":[],"organizer":[],"json_ld":{"@context":"http:\/\/schema.org","@type":"Event","name":"Inst\u00e4llt V\u00e4gkyrka L\u00f6rdag 27 juni kl. 11.00-15.00","description":"","url":"https:\/\/www.kullakapell.nu\/?tribe_events=vagkyrka-lordag-27-juni-kl-11-00-15-00","startDate":"2020-06-27T11:00:00+00:00","endDate":"2020-06-27T16:00:00+00:00","performer":"Organization"}}