{"id":2031,"global_id":"www.kullakapell.nu?id=2031","global_id_lineage":["www.kullakapell.nu?id=2031"],"author":"2","status":"publish","date":"2023-01-01 16:40:20","date_utc":"2023-01-01 16:40:20","modified":"2023-04-03 11:08:51","modified_utc":"2023-04-03 11:08:51","url":"https:\/\/www.kullakapell.nu\/?tribe_events=gudstjanst-med-arsmote-sondag-26-mars-2023-kl-15-00","rest_url":"https:\/\/www.kullakapell.nu\/index.php?rest_route=\/tribe\/events\/v1\/events\/2031","title":"Gudstj\u00e4nst med orgelinvigning samt \u00e5rsm\u00f6te s\u00f6ndag 26 mars 2023 kl.15.00","description":"<p>Gudstj\u00e4nst<br \/>\nPredikan Tobias Fredrixon<br \/>\nInvigning av nya orgeln. Kantor Ruben Havsed spelar.<br \/>\nV\u00e5ffelservering<br \/>\nd\u00e4refter Kulla kapellf\u00f6renings \u00e5rsm\u00f6te<\/p>","excerpt":"","slug":"gudstjanst-med-arsmote-sondag-26-mars-2023-kl-15-00","image":false,"all_day":false,"start_date":"2023-03-26 15:00:00","start_date_details":{"year":"2023","month":"03","day":"26","hour":"15","minutes":"00","seconds":"00"},"end_date":"2023-03-26 17:00:00","end_date_details":{"year":"2023","month":"03","day":"26","hour":"17","minutes":"00","seconds":"00"},"utc_start_date":"2023-03-26 15:00:00","utc_start_date_details":{"year":"2023","month":"03","day":"26","hour":"15","minutes":"00","seconds":"00"},"utc_end_date":"2023-03-26 17:00:00","utc_end_date_details":{"year":"2023","month":"03","day":"26","hour":"17","minutes":"00","seconds":"00"},"timezone":"UTC+0","timezone_abbr":"UTC+0","cost":"","cost_details":{"currency_symbol":"","currency_position":"suffix","values":[]},"website":"","show_map":false,"show_map_link":false,"hide_from_listings":false,"sticky":false,"featured":false,"categories":[],"tags":[],"venue":[],"organizer":[],"json_ld":{"@context":"http:\/\/schema.org","@type":"Event","name":"Gudstj\u00e4nst med orgelinvigning samt \u00e5rsm\u00f6te s\u00f6ndag 26 mars 2023 kl.15.00","description":"&lt;p&gt;Gudstj\u00e4nst Predikan Tobias Fredrixon Invigning av nya orgeln. Kantor Ruben Havsed spelar. V\u00e5ffelservering d\u00e4refter Kulla kapellf\u00f6renings \u00e5rsm\u00f6te&lt;\/p&gt;\\n","url":"https:\/\/www.kullakapell.nu\/?tribe_events=gudstjanst-med-arsmote-sondag-26-mars-2023-kl-15-00","startDate":"2023-03-26T15:00:00+00:00","endDate":"2023-03-26T17:00:00+00:00","performer":"Organization"}}