{"id":2397,"global_id":"www.kullakapell.nu?id=2397","global_id_lineage":["www.kullakapell.nu?id=2397"],"author":"2","status":"publish","date":"2024-09-10 14:39:38","date_utc":"2024-09-10 14:39:38","modified":"2025-01-21 18:04:26","modified_utc":"2025-01-21 18:04:26","url":"https:\/\/www.kullakapell.nu\/?tribe_events=gudstjanst-23-mars-2025-kl-15-00-darefter-arsmote","rest_url":"https:\/\/www.kullakapell.nu\/index.php?rest_route=\/tribe\/events\/v1\/events\/2397","title":"Gudstj\u00e4nst\u00a0 23 mars 2025 kl. 15.00 d\u00e4refter \u00c5rsm\u00f6te","description":"<h1 class=\"tribe-events-single-event-title\">Gudstj\u00e4nst\u00a0 23 mars 2025 kl. 15.00 Predikan Per von St\u00f6ckel Walett Musik Eva Johansson<\/h1>\n<h1 class=\"tribe-events-single-event-title\">Servering med v\u00e5fflor d\u00e4refter \u00c5rsm\u00f6te<\/h1>\n<div id=\"post-2223\" class=\"post-2223 tribe_events type-tribe_events status-publish hentry\">\n<div class=\"tribe-events-single-event-description tribe-events-content\">\n<div class=\"entry-content cf\">\n<p>&nbsp;<\/p>\n<\/div>\n<\/div>\n<\/div>","excerpt":"","slug":"gudstjanst-23-mars-2025-kl-15-00-darefter-arsmote","image":false,"all_day":false,"start_date":"2025-03-23 15:00:00","start_date_details":{"year":"2025","month":"03","day":"23","hour":"15","minutes":"00","seconds":"00"},"end_date":"2025-03-23 17:00:00","end_date_details":{"year":"2025","month":"03","day":"23","hour":"17","minutes":"00","seconds":"00"},"utc_start_date":"2025-03-23 15:00:00","utc_start_date_details":{"year":"2025","month":"03","day":"23","hour":"15","minutes":"00","seconds":"00"},"utc_end_date":"2025-03-23 17:00:00","utc_end_date_details":{"year":"2025","month":"03","day":"23","hour":"17","minutes":"00","seconds":"00"},"timezone":"UTC+0","timezone_abbr":"UTC+0","cost":"","cost_details":{"currency_symbol":"","currency_position":"suffix","values":[]},"website":"","show_map":false,"show_map_link":false,"hide_from_listings":false,"sticky":false,"featured":false,"categories":[],"tags":[],"venue":[],"organizer":[],"json_ld":{"@context":"http:\/\/schema.org","@type":"Event","name":"Gudstj\u00e4nst\u00a0 23 mars 2025 kl. 15.00 d\u00e4refter \u00c5rsm\u00f6te","description":"&lt;p&gt;Gudstj\u00e4nst\u00a0 23 mars 2025 kl. 15.00 Predikan Per von St\u00f6ckel Walett Musik Eva Johansson Servering med v\u00e5fflor d\u00e4refter \u00c5rsm\u00f6te &nbsp;&lt;\/p&gt;\\n","url":"https:\/\/www.kullakapell.nu\/?tribe_events=gudstjanst-23-mars-2025-kl-15-00-darefter-arsmote","startDate":"2025-03-23T15:00:00+00:00","endDate":"2025-03-23T17:00:00+00:00","performer":"Organization"}}