{"id":2465,"global_id":"www.kullakapell.nu?id=2465","global_id_lineage":["www.kullakapell.nu?id=2465"],"author":"2","status":"publish","date":"2025-01-07 19:55:41","date_utc":"2025-01-07 19:55:41","modified":"2025-01-07 19:55:41","modified_utc":"2025-01-07 19:55:41","url":"https:\/\/www.kullakapell.nu\/?tribe_events=lordag-3-maj-kl-09-00-12-00-staddag-i-kapellet","rest_url":"https:\/\/www.kullakapell.nu\/index.php?rest_route=\/tribe\/events\/v1\/events\/2465","title":"L\u00f6rdag 3 maj kl. 09.00-12.00 St\u00e4ddag i kapellet","description":"<div class=\"edit-post-visual-editor__post-title-wrapper\">\n<div class=\"wp-block editor-post-title editor-post-title__block\"><\/div>\n<\/div>\n<div>\n<div class=\"block-editor-block-list__layout is-root-container\">\n<p id=\"block-973cfcaf-2fe8-4c67-a865-5bd8bd711ad7\" class=\"block-editor-block-list__block wp-block rich-text block-editor-rich-text__editable wp-block\" tabindex=\"0\" role=\"textbox\" aria-label=\"Textstyckesblock\" aria-multiline=\"true\" data-block=\"973cfcaf-2fe8-4c67-a865-5bd8bd711ad7\" data-type=\"core\/paragraph\" data-title=\"Stycke\">Tag med det du beh\u00f6ver samt fika.<\/p>\n<\/div>\n<\/div>","excerpt":"","slug":"lordag-3-maj-kl-09-00-12-00-staddag-i-kapellet","image":false,"all_day":false,"start_date":"2025-05-03 09:00:00","start_date_details":{"year":"2025","month":"05","day":"03","hour":"09","minutes":"00","seconds":"00"},"end_date":"2025-05-03 12:00:00","end_date_details":{"year":"2025","month":"05","day":"03","hour":"12","minutes":"00","seconds":"00"},"utc_start_date":"2025-05-03 09:00:00","utc_start_date_details":{"year":"2025","month":"05","day":"03","hour":"09","minutes":"00","seconds":"00"},"utc_end_date":"2025-05-03 12:00:00","utc_end_date_details":{"year":"2025","month":"05","day":"03","hour":"12","minutes":"00","seconds":"00"},"timezone":"UTC+0","timezone_abbr":"UTC+0","cost":"","cost_details":{"currency_symbol":"","currency_position":"suffix","values":[]},"website":"","show_map":false,"show_map_link":false,"hide_from_listings":false,"sticky":false,"featured":false,"categories":[],"tags":[],"venue":[],"organizer":[],"json_ld":{"@context":"http:\/\/schema.org","@type":"Event","name":"L\u00f6rdag 3 maj kl. 09.00-12.00 St\u00e4ddag i kapellet","description":"&lt;p&gt;Tag med det du beh\u00f6ver samt fika.&lt;\/p&gt;\\n","url":"https:\/\/www.kullakapell.nu\/?tribe_events=lordag-3-maj-kl-09-00-12-00-staddag-i-kapellet","startDate":"2025-05-03T09:00:00+00:00","endDate":"2025-05-03T12:00:00+00:00","performer":"Organization"}}