{"id":452,"date":"2026-01-05T22:28:00","date_gmt":"2026-01-05T22:28:00","guid":{"rendered":"http:\/\/www.kullakapell.nu\/?p=452"},"modified":"2026-04-29T10:36:03","modified_gmt":"2026-04-29T10:36:03","slug":"vagkyrka-22-26-juni-2015-kl-11-00-15-00-andakt-kl-15-00","status":"publish","type":"post","link":"https:\/\/www.kullakapell.nu\/?p=452","title":{"rendered":"V\u00e4gkyrka 26-28 juni  2026 kl.11.00 &#8211; 15.00 Andakt kl. 15.00"},"content":{"rendered":"<p>Kl. 11.00 &#8211; 15.00 Guidning av kapellet &nbsp;&nbsp;&nbsp;&nbsp;&nbsp;Servering med hembakat br\u00f6d&nbsp; &nbsp; &nbsp; &nbsp; &nbsp; Kortf\u00f6rs\u00e4ljning&nbsp; &nbsp;&nbsp;&nbsp;&nbsp;&nbsp;&nbsp;&nbsp;&nbsp;&nbsp;&nbsp;&nbsp;&nbsp;Lotterier<br><strong>Fredag 26 juni Kl. 15.00 <\/strong>&nbsp; Andakt och Musik Dragspelsg\u00e4nget Bengt och hans v\u00e4nner&nbsp;&nbsp;<br><strong>L\u00f6rdag 27 juni Kl. 15.00<\/strong> Andakt Musik Ir\u00e9ne Oskarsson, Aneby och Britt Sunbring<br><strong>S\u00f6ndag 28 juni kl. 15.00<\/strong> Gudstj\u00e4nst\/m\u00e4ssa med kyrkkaffe <br>Predikan Per von St\u00f6ckel Walett <br>Musik Maria Uggla<\/p>\n<p>V\u00c4LKOMNA till ett&nbsp;intressant bes\u00f6k!<\/p>\n<p><img loading=\"lazy\" class=\"size-medium wp-image-1079 alignright\" src=\"https:\/\/www.kullakapell.nu\/wp-content\/uploads\/2018\/06\/IMG_4723-kopia-300x189.jpg\" alt=\"\" width=\"300\" height=\"189\" srcset=\"https:\/\/www.kullakapell.nu\/wp-content\/uploads\/2018\/06\/IMG_4723-kopia-300x189.jpg 300w, https:\/\/www.kullakapell.nu\/wp-content\/uploads\/2018\/06\/IMG_4723-kopia-768x485.jpg 768w, https:\/\/www.kullakapell.nu\/wp-content\/uploads\/2018\/06\/IMG_4723-kopia-1024x646.jpg 1024w\" sizes=\"(max-width: 300px) 100vw, 300px\" \/><\/p>\n\n\n<figure class=\"wp-block-image size-large is-resized\"><img loading=\"lazy\" src=\"https:\/\/www.kullakapell.nu\/wp-content\/uploads\/2024\/05\/20240418_114943-1-1024x576.jpg\" alt=\"\" class=\"wp-image-2324\" width=\"354\" height=\"199\" srcset=\"https:\/\/www.kullakapell.nu\/wp-content\/uploads\/2024\/05\/20240418_114943-1-1024x576.jpg 1024w, https:\/\/www.kullakapell.nu\/wp-content\/uploads\/2024\/05\/20240418_114943-1-300x169.jpg 300w, https:\/\/www.kullakapell.nu\/wp-content\/uploads\/2024\/05\/20240418_114943-1-768x432.jpg 768w, https:\/\/www.kullakapell.nu\/wp-content\/uploads\/2024\/05\/20240418_114943-1-1536x864.jpg 1536w, https:\/\/www.kullakapell.nu\/wp-content\/uploads\/2024\/05\/20240418_114943-1-2048x1152.jpg 2048w\" sizes=\"(max-width: 354px) 100vw, 354px\" \/><\/figure>\n\n\n\n<p><\/p>\n\n\n\n<ul><li><\/li><\/ul>\n\n\n\n<p><\/p>\n","protected":false},"excerpt":{"rendered":"<p>Kl. 11.00 &#8211; 15.00 Guidning av kapellet &nbsp;&nbsp;&nbsp;&nbsp;&nbsp;Servering med hembakat br\u00f6d&nbsp; &nbsp; &nbsp; &nbsp; &nbsp; Kortf\u00f6rs\u00e4ljning&nbsp; &nbsp;&nbsp;&nbsp;&nbsp;&nbsp;&nbsp;&nbsp;&nbsp;&nbsp;&nbsp;&nbsp;&nbsp;LotterierFredag 26 juni Kl. 15.00 &nbsp; Andakt och Musik Dragspelsg\u00e4nget Bengt och hans v\u00e4nner&nbsp;&nbsp;L\u00f6rdag 27 juni Kl. 15.00 Andakt Musik Ir\u00e9ne Oskarsson, Aneby och Britt SunbringS\u00f6ndag 28 juni kl. 15.00 Gudstj\u00e4nst\/m\u00e4ssa med kyrkkaffe Predikan Per von St\u00f6ckel Walett Musik [&hellip;]<\/p>\n","protected":false},"author":2,"featured_media":0,"comment_status":"closed","ping_status":"open","sticky":false,"template":"","format":"standard","meta":[],"categories":[1],"tags":[],"_links":{"self":[{"href":"https:\/\/www.kullakapell.nu\/index.php?rest_route=\/wp\/v2\/posts\/452"}],"collection":[{"href":"https:\/\/www.kullakapell.nu\/index.php?rest_route=\/wp\/v2\/posts"}],"about":[{"href":"https:\/\/www.kullakapell.nu\/index.php?rest_route=\/wp\/v2\/types\/post"}],"author":[{"embeddable":true,"href":"https:\/\/www.kullakapell.nu\/index.php?rest_route=\/wp\/v2\/users\/2"}],"replies":[{"embeddable":true,"href":"https:\/\/www.kullakapell.nu\/index.php?rest_route=%2Fwp%2Fv2%2Fcomments&post=452"}],"version-history":[{"count":43,"href":"https:\/\/www.kullakapell.nu\/index.php?rest_route=\/wp\/v2\/posts\/452\/revisions"}],"predecessor-version":[{"id":2722,"href":"https:\/\/www.kullakapell.nu\/index.php?rest_route=\/wp\/v2\/posts\/452\/revisions\/2722"}],"wp:attachment":[{"href":"https:\/\/www.kullakapell.nu\/index.php?rest_route=%2Fwp%2Fv2%2Fmedia&parent=452"}],"wp:term":[{"taxonomy":"category","embeddable":true,"href":"https:\/\/www.kullakapell.nu\/index.php?rest_route=%2Fwp%2Fv2%2Fcategories&post=452"},{"taxonomy":"post_tag","embeddable":true,"href":"https:\/\/www.kullakapell.nu\/index.php?rest_route=%2Fwp%2Fv2%2Ftags&post=452"}],"curies":[{"name":"wp","href":"https:\/\/api.w.org\/{rel}","templated":true}]}}